{"id":98695,"date":"2026-09-01T14:26:01","date_gmt":"2026-09-01T05:26:01","guid":{"rendered":"https:\/\/joseikin-now.jp\/?p=98695"},"modified":"2026-09-01T14:26:03","modified_gmt":"2026-09-01T05:26:03","slug":"%e3%80%90hyvia-uutisia%e3%80%91vuoden-2026-lapsilisaa-maksetaan-9488-euroa-kuukaudessa-lasta-kohden-alle-3-vuotiaista-maksetaan-lisaksi-26-euroa-kuukaudessa","status":"publish","type":"post","link":"https:\/\/joseikin-now.jp\/?p=98695","title":{"rendered":"\u3010HYVI\u00c4 UUTISIA\u3011Vuoden 2026 lapsilis\u00e4\u00e4 maksetaan 94,88 euroa kuukaudessa lasta kohden! Alle 3-vuotiaista maksetaan lis\u00e4ksi 26 euroa kuukaudessa"},"content":{"rendered":"\n<figure class=\"wp-block-image size-full is-resized\"><img decoding=\"async\" loading=\"lazy\" src=\"https:\/\/joseikin-now.jp\/wp-content\/uploads\/2026\/07\/26071701-1.png\" alt=\"\" class=\"wp-image-93057\" style=\"width:310px;height:310px\" width=\"310\" height=\"310\" srcset=\"https:\/\/joseikin-now.jp\/wp-content\/uploads\/2026\/07\/26071701-1.png 480w, https:\/\/joseikin-now.jp\/wp-content\/uploads\/2026\/07\/26071701-1-300x300.png 300w, https:\/\/joseikin-now.jp\/wp-content\/uploads\/2026\/07\/26071701-1-150x150.png 150w, https:\/\/joseikin-now.jp\/wp-content\/uploads\/2026\/07\/26071701-1-120x120.png 120w\" sizes=\"(max-width: 310px) 100vw, 310px\" \/><\/figure>\n\n\n\n<p>Il\u00a0<strong>Supporto per la Formazione e il Lavoro (SFL)<\/strong>\u00a0\u00e8 una misura INPS rivolta, in sintesi, a persone tra 18 e 59 anni che rispettano requisiti economici, patrimoniali, di cittadinanza e residenza e che partecipano realmente a percorsi di attivazione lavorativa. L&#8217;indennit\u00e0 \u00e8 di\u00a0<strong>500 euro al mese<\/strong>\u00a0durante la partecipazione effettiva alle attivit\u00e0 previste. La domanda \u00e8 attualmente disponibile online tramite INPS.<\/p>\n\n\n\n<h2 class=\"wp-block-heading\">SFL 2026: cosa prevede<\/h2>\n\n\n\n<p>Lo SFL non \u00e8 un sussidio automatico per chi \u00e8 disoccupato. L&#8217;erogazione \u00e8 collegata a un percorso concreto di formazione, riqualificazione, orientamento, accompagnamento al lavoro, politiche attive, progetti utili alla collettivit\u00e0 o servizio civile universale. Dopo l&#8217;accoglimento della domanda, il beneficiario deve completare gli adempimenti previsti su SIISL e partecipare alle attivit\u00e0 concordate.<\/p>\n\n\n\n<h3 class=\"wp-block-heading\">Chi pu\u00f2 fare domanda<\/h3>\n\n\n\n<p>Il servizio INPS individua come destinatari i singoli componenti di nuclei familiari di et\u00e0 compresa tra&nbsp;<strong>18 e 59 anni<\/strong>&nbsp;che possiedono i requisiti previsti per tutta la durata del beneficio.<\/p>\n\n\n\n<ul>\n<li>cittadinanza italiana o di un altro Paese UE, oppure una delle condizioni di soggiorno ammesse dalla normativa;<\/li>\n\n\n\n<li>per cittadini di Paesi terzi, tra i titoli ammessi rientra il permesso UE per soggiornanti di lungo periodo; sono previste anche specifiche tutele per protezione internazionale e apolidia;<\/li>\n\n\n\n<li><strong>residenza in Italia da almeno 5 anni<\/strong>, di cui gli ultimi 2 in modo continuativo;<\/li>\n\n\n\n<li>ISEE in corso di validit\u00e0 entro la soglia prevista;<\/li>\n\n\n\n<li>rispetto dei limiti di reddito, patrimonio mobiliare e immobiliare e degli altri requisiti patrimoniali.<\/li>\n<\/ul>\n\n\n\n<h3 class=\"wp-block-heading\">Quanto spetta: 500 euro al mese, ma solo con partecipazione effettiva<\/h3>\n\n\n\n<p>L&#8217;indennit\u00e0 \u00e8 pari a&nbsp;<strong>500 euro al mese<\/strong>. INPS la versa mensilmente se la partecipazione alle attivit\u00e0 previste \u00e8 effettiva. La durata ordinaria \u00e8 fino a&nbsp;<strong>12 mesi<\/strong>.<\/p>\n\n\n\n<p>Se alla scadenza dei primi 12 mesi \u00e8 ancora in corso un percorso formativo, la misura pu\u00f2 essere prorogata fino a ulteriori 12 mesi, con aggiornamento del Patto di Servizio Personalizzato. La proroga non \u00e8 automatica: \u00e8 legata alla prosecuzione del percorso formativo e dura nei limiti del corso.<\/p>\n\n\n\n<h3 class=\"wp-block-heading\">ISEE e reddito familiare nel 2026<\/h3>\n\n\n\n<p>Secondo la scheda INPS aggiornata, l&#8217;ISEE valido non deve superare&nbsp;<strong>10.140 euro annui<\/strong>. Anche il reddito familiare deve essere inferiore a 10.140 euro annui moltiplicati per il parametro della scala di equivalenza ISEE.<\/p>\n\n\n\n<p><strong>Novit\u00e0 2026:<\/strong>&nbsp;dal 2026 per SFL si applica l&#8217;<em>ISEE per specifiche prestazioni familiari e per l&#8217;inclusione<\/em>. INPS ha reso disponibili i nuovi modelli DSU il 6 marzo 2026 e ha aggiornato automaticamente le attestazioni relative alle DSU presentate dal 1\u00b0 gennaio 2026.<\/p>\n\n\n\n<h3 class=\"wp-block-heading\">Limiti patrimoniali da controllare prima della domanda<\/h3>\n\n\n\n<p>Non basta rispettare la soglia ISEE. La scheda INPS indica anche, tra gli altri, i seguenti limiti:<\/p>\n\n\n\n<ul>\n<li>patrimonio immobiliare diverso dalla casa di abitazione: non superiore a&nbsp;<strong>30.000 euro<\/strong>; per l&#8217;abitazione principale vale il limite IMU previsto dalla disciplina;<\/li>\n\n\n\n<li>patrimonio mobiliare: inferiore a 6.000 euro per un componente, 8.000 euro per due componenti e 10.000 euro per tre o pi\u00f9 componenti, con maggiorazioni nei casi previsti;<\/li>\n\n\n\n<li>limiti relativi a determinati autoveicoli, motoveicoli, imbarcazioni e aeromobili.<\/li>\n<\/ul>\n\n\n\n<h3 class=\"wp-block-heading\">La domanda \u00e8 necessaria?<\/h3>\n\n\n\n<p>S\u00ec. Lo SFL \u00e8&nbsp;<strong>su domanda<\/strong>. Non viene riconosciuto automaticamente sulla sola base dell&#8217;ISEE.<\/p>\n\n\n\n<h3 class=\"wp-block-heading\">Come presentare la domanda<\/h3>\n\n\n\n<ol>\n<li>presentare la domanda online dal servizio SFL sul sito INPS, oppure tramite i canali di assistenza previsti;<\/li>\n\n\n\n<li>iscriversi al&nbsp;<strong>SIISL<\/strong>;<\/li>\n\n\n\n<li>rilasciare la&nbsp;<strong>DID<\/strong>&nbsp;(Dichiarazione di immediata disponibilit\u00e0 al lavoro) nella procedura;<\/li>\n\n\n\n<li>dopo la verifica positiva dei requisiti, sottoscrivere il&nbsp;<strong>Patto di Attivazione Digitale (PAD)<\/strong>;<\/li>\n\n\n\n<li>nel PAD indicare almeno&nbsp;<strong>tre agenzie per il lavoro<\/strong>&nbsp;da contattare;<\/li>\n\n\n\n<li>partecipare alla convocazione del servizio per il lavoro e sottoscrivere il&nbsp;<strong>Patto di Servizio Personalizzato (PSP)<\/strong>;<\/li>\n\n\n\n<li>partecipare effettivamente al corso o alla misura di politica attiva assegnata.<\/li>\n<\/ol>\n\n\n\n<p>La domanda pu\u00f2 essere presentata anche tramite Patronato; la pagina INPS indica inoltre i canali di Contact Center. Per i percorsi gestiti tramite CAF valgono le modalit\u00e0 rese disponibili dall&#8217;Istituto.<\/p>\n\n\n\n<h3 class=\"wp-block-heading\">Quali dati e documenti conviene preparare<\/h3>\n\n\n\n<p>La documentazione richiesta dipende dalla situazione personale. In pratica, prima di iniziare \u00e8 utile avere un&nbsp;<strong>ISEE\/DSU 2026 valido<\/strong>, dati anagrafici e di soggiorno, informazioni su reddito e patrimonio, eventuali titoli relativi a disabilit\u00e0 nel nucleo e le informazioni necessarie per il profilo SIISL e il curriculum.<\/p>\n\n\n\n<p>Per i richiedenti tra 18 e 29 anni che non hanno assolto l&#8217;obbligo scolastico, la normativa richiede anche la dimostrazione dell&#8217;iscrizione a percorsi di istruzione degli adulti di primo livello o equivalenti, salvo i casi di esenzione previsti.<\/p>\n\n\n\n<h3 class=\"wp-block-heading\">Quando parte il pagamento<\/h3>\n\n\n\n<p>Il pagamento non nasce dalla sola presentazione della domanda: l&#8217;indennit\u00e0 viene riconosciuta quando il percorso di attivazione \u00e8 stato avviato e c&#8217;\u00e8 effettiva partecipazione alle attivit\u00e0. INPS effettua il pagamento mensile.<\/p>\n\n\n\n<h3 class=\"wp-block-heading\">Quando si rischia di perdere il beneficio<\/h3>\n\n\n\n<p>Tra i casi da controllare rientrano la perdita dei requisiti economici o patrimoniali, la mancata partecipazione agli obblighi previsti, le dimissioni volontarie nei 12 mesi precedenti nei casi non coperti dalle eccezioni e l&#8217;incompatibilit\u00e0 con determinati strumenti pubblici di sostegno al reddito per la disoccupazione. Le variazioni che incidono sui requisiti devono essere comunicate.<\/p>\n\n\n\n<h2 class=\"wp-block-heading\">Prima di inviare la domanda: 5 controlli utili<\/h2>\n\n\n\n<ul>\n<li>verificare che l&#8217;ISEE utilizzato sia quello valido per le prestazioni di inclusione 2026;<\/li>\n\n\n\n<li>non confondere il limite ISEE con l&#8217;unico requisito economico: esistono anche limiti di reddito e patrimonio;<\/li>\n\n\n\n<li>prepararsi a utilizzare SIISL e a sottoscrivere PAD e PSP;<\/li>\n\n\n\n<li>ricordare che i 500 euro dipendono dalla partecipazione effettiva alle attivit\u00e0;<\/li>\n\n\n\n<li>controllare tempestivamente messaggi, e-mail e convocazioni dei servizi per il lavoro.<\/li>\n<\/ul>\n\n\n\n<h2 class=\"wp-block-heading\">Domande frequenti<\/h2>\n\n\n\n<h3 class=\"wp-block-heading\">Ricevo 500 euro semplicemente dopo aver presentato la domanda?<\/h3>\n\n\n\n<p>No. L&#8217;indennit\u00e0 \u00e8 collegata alla partecipazione effettiva alle attivit\u00e0 di attivazione e formazione previste nel percorso.<\/p>\n\n\n\n<h3 class=\"wp-block-heading\">La durata \u00e8 sempre di 24 mesi?<\/h3>\n\n\n\n<p>No. La durata ordinaria \u00e8 fino a 12 mesi. L&#8217;ulteriore periodo \u00e8 possibile solo nei casi previsti, ad esempio quando alla scadenza \u00e8 ancora in corso un percorso formativo e viene aggiornato il PSP.<\/p>\n\n\n\n<h3 class=\"wp-block-heading\">Un ISEE sotto 10.140 euro \u00e8 sufficiente?<\/h3>\n\n\n\n<p>No. Devono essere rispettati anche requisiti di reddito familiare, patrimonio, residenza, cittadinanza\/soggiorno e gli altri requisiti previsti.<\/p>\n\n\n\n<h3 class=\"wp-block-heading\">Posso fare domanda senza SPID o CIE?<\/h3>\n\n\n\n<p>Per l&#8217;accesso diretto ai servizi digitali sono necessarie le credenziali ammesse. In alternativa \u00e8 possibile rivolgersi ai soggetti abilitati indicati da INPS, come i Patronati.<\/p>\n\n\n\n<h2 class=\"wp-block-heading\">Informazioni ufficiali e domanda<\/h2>\n\n\n\n<ul>\n<li><a href=\"https:\/\/www.inps.it\/it\/it\/dettaglio-scheda.it.schede-servizio-strumento.schede-servizi.supporto-per-la-formazione-e-il-lavoro-sfl-.html\" target=\"_blank\" rel=\"noreferrer noopener\">INPS \u2014 Supporto per la Formazione e il Lavoro (SFL)<\/a><\/li>\n\n\n\n<li><a href=\"https:\/\/www.inps.it\/it\/it\/inps-comunica\/notizie\/dettaglio-news-page.news.2026.03.dichiarazione-sostitutiva-unica-disponibile-il-nuovo-modello.html\" target=\"_blank\" rel=\"noreferrer noopener\">INPS \u2014 Nuovi modelli DSU e ISEE 2026<\/a><\/li>\n<\/ul>\n","protected":false},"excerpt":{"rendered":"<p>Il\u00a0Supporto per la Formazione e il Lavoro (SFL)\u00a0\u00e8 una misura INPS rivolta, in sintesi, a persone tra 18 e 59 a [&hellip;]<\/p>\n","protected":false},"author":1,"featured_media":93057,"comment_status":"closed","ping_status":"open","sticky":false,"template":"","format":"standard","meta":{"footnotes":""},"categories":[259],"tags":[],"aioseo_notices":[],"_links":{"self":[{"href":"https:\/\/joseikin-now.jp\/index.php?rest_route=\/wp\/v2\/posts\/98695"}],"collection":[{"href":"https:\/\/joseikin-now.jp\/index.php?rest_route=\/wp\/v2\/posts"}],"about":[{"href":"https:\/\/joseikin-now.jp\/index.php?rest_route=\/wp\/v2\/types\/post"}],"author":[{"embeddable":true,"href":"https:\/\/joseikin-now.jp\/index.php?rest_route=\/wp\/v2\/users\/1"}],"replies":[{"embeddable":true,"href":"https:\/\/joseikin-now.jp\/index.php?rest_route=%2Fwp%2Fv2%2Fcomments&post=98695"}],"version-history":[{"count":1,"href":"https:\/\/joseikin-now.jp\/index.php?rest_route=\/wp\/v2\/posts\/98695\/revisions"}],"predecessor-version":[{"id":98696,"href":"https:\/\/joseikin-now.jp\/index.php?rest_route=\/wp\/v2\/posts\/98695\/revisions\/98696"}],"wp:featuredmedia":[{"embeddable":true,"href":"https:\/\/joseikin-now.jp\/index.php?rest_route=\/wp\/v2\/media\/93057"}],"wp:attachment":[{"href":"https:\/\/joseikin-now.jp\/index.php?rest_route=%2Fwp%2Fv2%2Fmedia&parent=98695"}],"wp:term":[{"taxonomy":"category","embeddable":true,"href":"https:\/\/joseikin-now.jp\/index.php?rest_route=%2Fwp%2Fv2%2Fcategories&post=98695"},{"taxonomy":"post_tag","embeddable":true,"href":"https:\/\/joseikin-now.jp\/index.php?rest_route=%2Fwp%2Fv2%2Ftags&post=98695"}],"curies":[{"name":"wp","href":"https:\/\/api.w.org\/{rel}","templated":true}]}}